{"id":41,"date":"2009-01-02T17:44:40","date_gmt":"2009-01-02T15:44:40","guid":{"rendered":"http:\/\/kunikowski.de\/cgi-bin\/weblog_basic\/index.php?p=41"},"modified":"2009-01-02T17:44:40","modified_gmt":"2009-01-02T15:44:40","slug":"2009-jahr-des-globalen-unsinns","status":"publish","type":"post","link":"https:\/\/www.kunikowski.de\/blog\/2009\/01\/02\/2009-jahr-des-globalen-unsinns\/","title":{"rendered":"2009 &#8211; Jahr des globalen Unsinns?"},"content":{"rendered":"<p>Ich habe vorhin im heimischen Radiosender vernommen, f\u00fcr was 2009 alles <strong>das Jahr<\/strong> sein soll. Eine kleine Recherche bei Google bringt dann schnell richtige und einige seltsame Ergebnisse.<\/p>\n<p>Laut Wikipedia wird 2009,<\/p>\n<li>Internationales Jahr der Astronomie (400 Jahre Fernrohr durch Galileo Galilei) [<em>Mal wieder ein paar Sterne schauen<\/em>]<\/li>\n<li>Europ\u00e4isches Jahr der Kreativit\u00e4t und Innovation [<em>Vorschlag der EU-Kommission. Vielleicht noch ein paar nette, kreative und innovative Gesetze<\/em>]<\/li>\n<li>Haydn-Jahr (200. Todestag des bedeutenden Komponisten am 31. Mai) <\/li>\n<li>Mendelssohn-Jahr (200. Geburtstag des bedeutenden Komponisten am 3. Februar)<\/li>\n<li>H\u00e4ndel-Jahr (250. Todestag des bedeutenden Komponisten des Barock)<\/li>\n<li>Calvin-Jahr (500. Geburtstag des bedeutenden Theologen und Reformators) [<em>Und ich dachte immer Calvin w\u00e4re der von Hobbes?!?<\/em>]<\/li>\n<li>Charles Darwin-Jahr (200. Geburtstag des bedeutenden Naturforschers am 12. Februar) [<em>Als Kreationist kann ich das nur ablehnen.<\/em>]<\/li>\n<li>Anselm-Jahr (900. Todestag des mittelalterlichen Philosophen) [<em>Schon mal etwas von bedeutenden Philosophen Anselm geh\u00f6rt? Laut Wikipedia ist sein zentrales Argument der Satz: &#8222;Gott sei das, wor\u00fcber hinaus Gr\u00f6\u00dferes nicht gedacht werden kann.\u201c Daf\u00fcr kann man doch schon mal ein Jahr spendieren.<\/em>]<\/li>\n<li>Marion Gr\u00e4fin D\u00f6nhoff-Jahr (100. Geburtstag der ostpreu\u00dfischen Adligen) [<em>Obwohl ich fast nie die ZEIT lese, sei es ihr geg\u00f6nnt.<\/em>]<\/li>\n<li>Heinz Erhardt-Jahr (100. Geburtstag des Rigaer Schauspielers, Dichters und Komikers) [<em>&#8222;Das Leben kommt auf alle F\u00e4lle aus einer Zelle, doch manchmal endets auch &#8211; bei Strolchen &#8211; in einer solchen.&#8220;<\/em>]<\/li>\n<p>Zus\u00e4tzlich hat<\/p>\n<li>die taz 2009 zum Jahr des Lesens gek\u00fcrt,<\/li>\n<li>die Seite Nachrichtenfuerkinder.de ist der Meinung das 2009 das Jahr des Gl\u00fchbirnenverbots ist,<\/li>\n<li>Ungarn-netz.de meint 2009 sei das Jahr des Kulturtourismus <\/li>\n<p>und meine absolute Lieblingsmeldung kommt vom<\/p>\n<li>BDI: &#8222;2009 Jahr des Durchbruchs f\u00fcr globale Antworten &#8211; Chancen f\u00fcr Welthandel, Finanzsystem, Klimaschutz &#8211; Stillstand bei Welthandels-Verhandlungen verhindern&#8220;. [<em>Da kann es doch 2009 wirklich nicht so schlimm werden, wenn der BDI schon eine solche Aussage trifft.<\/em>]<\/li>\n<p>Des Weiteren habe ich noch die folgenden erw\u00e4hnenswerten Meldungen gefunden:<\/p>\n<li>2009, Internationales Jahr des Menschenrechtslernens (humanrights.ch) [<em>Da w\u00fcrden mir eine gro\u00dfe Menge einfallen, die alle mal lernen k\u00f6nnten, aber ob da ein Jahr des Menschenrechtslernens hilft?<\/em>]<\/li>\n<li>2009, Jahr des Gorillas (stuttgarter-nachrichten.de) [<em>Gorillas in Schwaben?<\/em>]<\/li>\n<li>2009, Jahr des Ebooks (bibliothekarisch.de) <\/li>\n<li>2009, Jahr des Haies (year-of-the-shark-2009.org)<\/li>\n<li>2009, Jahr des Familiengerichts (Oberlandesgericht Naumburg &#8211; Pressemitteilung Nr.: 013\/08) [<em>Live auf RTL, PRO7 oder SAT1?<\/em>]<\/li>\n<li>2009, Jahr des PlayStation HOME (ps3news.de) [<em>Was das auch immer sein mag, SONY wird es schon wissen.<\/em>]<\/li>\n<li>Willkommen im Paulusjahr 2008\/2009 (dbk-paulusjahr.de) [<em>Deutsche Bischofs Konferenz. Endlich mal ein Jahr, das \u00fcber zwei Jahre geht. In der Kirche laufen die Uhren eben etwas langsamer.<\/em>]<\/li>\n<p>Und noch eine erw\u00e4hnenswerte Meldung:<\/p>\n<li>2009, das Jahr des Risikomanagements (risknet.de) [<em>was es nicht alles f\u00fcr einen Unsinn gibt<\/em>]<\/li>\n<p>und frei nach Heinz Erhardt: &#8222;Noch ein Gedicht.&#8220;<\/p>\n<li>2009 &#8211; Jahr des Affiliate-Marketings (affiliateboy.de) [<em>Unfassbar, da f\u00e4llt mir auch kein schlauer Spruch mehr zu ein.<\/em>]<\/li>\n<p>Der gr\u00f6\u00dfte Mist ganz zum Schluss wenn einem denn gar nichts mehr einf\u00e4llt:<\/p>\n<li>2009 &#8211; CHINESISCHES JAHR DES ERDE-B\u00dcFFELS (tarot-treff.de)<\/li>\n<p>Aber f\u00fcr mich ist das alles Quatsch. Wie <em>Al Stewart<\/em> schon in den Siebziger sagte:<\/p>\n<li><strong><em>Year of the Cat<\/em><\/strong><\/li>\n<p><object width=\"445\" height=\"364\"><param name=\"movie\" value=\"http:\/\/www.youtube.com\/v\/QM7LR46zrQU&#038;hl=de&#038;fs=1&#038;color1=0x2b405b&#038;color2=0x6b8ab6&#038;border=1\"><\/param><param name=\"allowFullScreen\" value=\"true\"><\/param><param name=\"allowscriptaccess\" value=\"always\"><\/param><embed src=\"http:\/\/www.youtube.com\/v\/QM7LR46zrQU&#038;hl=de&#038;fs=1&#038;color1=0x2b405b&#038;color2=0x6b8ab6&#038;border=1\" type=\"application\/x-shockwave-flash\" allowscriptaccess=\"always\" allowfullscreen=\"true\" width=\"445\" height=\"364\"><\/embed><\/object><\/p>\n","protected":false},"excerpt":{"rendered":"<p>Ich habe vorhin im heimischen Radiosender vernommen, f\u00fcr was 2009 alles das Jahr sein soll. Eine kleine Recherche bei Google bringt dann schnell richtige und einige seltsame Ergebnisse. Laut Wikipedia wird 2009, Internationales Jahr der Astronomie (400 Jahre Fernrohr durch &hellip; <a href=\"https:\/\/www.kunikowski.de\/blog\/2009\/01\/02\/2009-jahr-des-globalen-unsinns\/\">Weiterlesen <span class=\"meta-nav\">&rarr;<\/span><\/a><\/p>\n","protected":false},"author":2,"featured_media":0,"comment_status":"open","ping_status":"open","sticky":false,"template":"","format":"standard","meta":{"footnotes":""},"categories":[1],"tags":[],"class_list":["post-41","post","type-post","status-publish","format-standard","hentry","category-allgemein"],"_links":{"self":[{"href":"https:\/\/www.kunikowski.de\/blog\/wp-json\/wp\/v2\/posts\/41","targetHints":{"allow":["GET"]}}],"collection":[{"href":"https:\/\/www.kunikowski.de\/blog\/wp-json\/wp\/v2\/posts"}],"about":[{"href":"https:\/\/www.kunikowski.de\/blog\/wp-json\/wp\/v2\/types\/post"}],"author":[{"embeddable":true,"href":"https:\/\/www.kunikowski.de\/blog\/wp-json\/wp\/v2\/users\/2"}],"replies":[{"embeddable":true,"href":"https:\/\/www.kunikowski.de\/blog\/wp-json\/wp\/v2\/comments?post=41"}],"version-history":[{"count":0,"href":"https:\/\/www.kunikowski.de\/blog\/wp-json\/wp\/v2\/posts\/41\/revisions"}],"wp:attachment":[{"href":"https:\/\/www.kunikowski.de\/blog\/wp-json\/wp\/v2\/media?parent=41"}],"wp:term":[{"taxonomy":"category","embeddable":true,"href":"https:\/\/www.kunikowski.de\/blog\/wp-json\/wp\/v2\/categories?post=41"},{"taxonomy":"post_tag","embeddable":true,"href":"https:\/\/www.kunikowski.de\/blog\/wp-json\/wp\/v2\/tags?post=41"}],"curies":[{"name":"wp","href":"https:\/\/api.w.org\/{rel}","templated":true}]}}