{"id":313,"date":"2009-08-15T10:17:34","date_gmt":"2009-08-15T08:17:34","guid":{"rendered":"http:\/\/kunikowski.de\/cgi-bin\/weblog_basic\/index.php?p=313"},"modified":"2009-08-15T10:17:34","modified_gmt":"2009-08-15T08:17:34","slug":"findelkind-zum-zweiten","status":"publish","type":"post","link":"https:\/\/www.kunikowski.de\/blog\/2009\/08\/15\/findelkind-zum-zweiten\/","title":{"rendered":"Findelkind zum Zweiten"},"content":{"rendered":"<p>Ein kleiner Nachtrag zum Findelkind. Am Morgen nachdem ich es im Garten gesehen hatte, schellte um kurz vor acht die T\u00fcrglocke. Meine Nachbarin wollte wissen, ob ich ein Katze vermissen w\u00fcrde. Eine kleine graue.<\/p>\n<p>Das kleine K\u00e4tzchen hat vor der Haust\u00fcr gesessen und als meine Nachbarn um 23 Uhr nach Hause kamen, konnten sie es nicht dort sitzen lassen. Also wurde es kurzerhand mit in die Wohnung genommen.<\/p>\n<p>Nachdem sich kein Besitzer finden konnte ist es nun auf einem Bauernhof gelandet und kann dort das M\u00e4usejagen von gestandenen Katzen lernen. Damit es nie wieder so ausgehungert, wie auf dem Bild unten, ausschaut.<\/p>\n<p><img decoding=\"async\" src=\"http:\/\/5233346.de.strato-hosting.eu\/cgi-data\/weblog_basic\/uploads\/2009\/08\/findelkind2.jpg\" alt=\"Findelkind zum Zweiten\" title=\"findelkind2\" class=\"alignnone size-full wp-image-145\" \/><\/p>\n","protected":false},"excerpt":{"rendered":"<p>Ein kleiner Nachtrag zum Findelkind. Am Morgen nachdem ich es im Garten gesehen hatte, schellte um kurz vor acht die T\u00fcrglocke. Meine Nachbarin wollte wissen, ob ich ein Katze vermissen w\u00fcrde. Eine kleine graue. Das kleine K\u00e4tzchen hat vor der &hellip; <a href=\"https:\/\/www.kunikowski.de\/blog\/2009\/08\/15\/findelkind-zum-zweiten\/\">Weiterlesen <span class=\"meta-nav\">&rarr;<\/span><\/a><\/p>\n","protected":false},"author":2,"featured_media":0,"comment_status":"open","ping_status":"open","sticky":false,"template":"","format":"standard","meta":{"footnotes":""},"categories":[4],"tags":[],"class_list":["post-313","post","type-post","status-publish","format-standard","hentry","category-katzen"],"_links":{"self":[{"href":"https:\/\/www.kunikowski.de\/blog\/wp-json\/wp\/v2\/posts\/313","targetHints":{"allow":["GET"]}}],"collection":[{"href":"https:\/\/www.kunikowski.de\/blog\/wp-json\/wp\/v2\/posts"}],"about":[{"href":"https:\/\/www.kunikowski.de\/blog\/wp-json\/wp\/v2\/types\/post"}],"author":[{"embeddable":true,"href":"https:\/\/www.kunikowski.de\/blog\/wp-json\/wp\/v2\/users\/2"}],"replies":[{"embeddable":true,"href":"https:\/\/www.kunikowski.de\/blog\/wp-json\/wp\/v2\/comments?post=313"}],"version-history":[{"count":0,"href":"https:\/\/www.kunikowski.de\/blog\/wp-json\/wp\/v2\/posts\/313\/revisions"}],"wp:attachment":[{"href":"https:\/\/www.kunikowski.de\/blog\/wp-json\/wp\/v2\/media?parent=313"}],"wp:term":[{"taxonomy":"category","embeddable":true,"href":"https:\/\/www.kunikowski.de\/blog\/wp-json\/wp\/v2\/categories?post=313"},{"taxonomy":"post_tag","embeddable":true,"href":"https:\/\/www.kunikowski.de\/blog\/wp-json\/wp\/v2\/tags?post=313"}],"curies":[{"name":"wp","href":"https:\/\/api.w.org\/{rel}","templated":true}]}}