{"id":1549,"date":"2011-12-04T18:14:33","date_gmt":"2011-12-04T17:14:33","guid":{"rendered":"http:\/\/www.kunikowski.de\/blog\/?p=1549"},"modified":"2011-12-23T22:14:33","modified_gmt":"2011-12-23T21:14:33","slug":"ja-xavier-mach-es-einfach","status":"publish","type":"post","link":"https:\/\/www.kunikowski.de\/blog\/2011\/12\/04\/ja-xavier-mach-es-einfach\/","title":{"rendered":"Ja, Xavier mach es einfach. [Update]"},"content":{"rendered":"<p>Ja, ich habe in diese neue Casting-Show hinein gezappt und bin h\u00e4ngen geblieben. Das gute an der Sendung ist, dass die ganzen Idioten aus den Vorentscheiden fehlen. Leider d\u00fcrfen die K\u00fcnstler nur sehr kurz singen. Die Siegerin habe ich bereits entdeckt, Elen Wendt.<\/p>\n<p><iframe loading=\"lazy\" width=\"580\" height=\"295\" src=\"http:\/\/www.youtube.com\/embed\/ztST5HOJKIs\" frameborder=\"0\" allowfullscreen><\/iframe><\/p>\n<p>[Update:<br \/>\nIch wusste es schon immer, Xavier ist eine Flachpfeife. Wie kann er nur eine weitere Kn\u00f6delstimme mitnehmen und auf Elen verzichten? Unfassbar. Ich bin hier erstmal raus. Soll er doch ein weiteres bl\u00f6des Lied f\u00fcr Nationalmannschaft komponieren, damit sie m\u00f6glichst fr\u00fch, wegen Erm\u00fcdung, ausscheiden.<\/p>\n<p>Und leider haben die Schwachk\u00f6pfe von Pro7 auch alle Links in YouTube gekillt und &#8222;unseren eigenen Kanal m\u00f6chten wir nicht verlinken&#8220;. Was soll man dazu noch sagen, am besten w\u00e4re ich nicht so bl\u00f6d gewesen und h\u00e4tte angefangen zu schauen.]<\/p>\n","protected":false},"excerpt":{"rendered":"<p>Ja, ich habe in diese neue Casting-Show hinein gezappt und bin h\u00e4ngen geblieben. Das gute an der Sendung ist, dass die ganzen Idioten aus den Vorentscheiden fehlen. Leider d\u00fcrfen die K\u00fcnstler nur sehr kurz singen. Die Siegerin habe ich bereits &hellip; <a href=\"https:\/\/www.kunikowski.de\/blog\/2011\/12\/04\/ja-xavier-mach-es-einfach\/\">Weiterlesen <span class=\"meta-nav\">&rarr;<\/span><\/a><\/p>\n","protected":false},"author":2,"featured_media":0,"comment_status":"open","ping_status":"open","sticky":false,"template":"","format":"standard","meta":{"footnotes":""},"categories":[5],"tags":[264],"class_list":["post-1549","post","type-post","status-publish","format-standard","hentry","category-musik","tag-elen-wendt"],"_links":{"self":[{"href":"https:\/\/www.kunikowski.de\/blog\/wp-json\/wp\/v2\/posts\/1549","targetHints":{"allow":["GET"]}}],"collection":[{"href":"https:\/\/www.kunikowski.de\/blog\/wp-json\/wp\/v2\/posts"}],"about":[{"href":"https:\/\/www.kunikowski.de\/blog\/wp-json\/wp\/v2\/types\/post"}],"author":[{"embeddable":true,"href":"https:\/\/www.kunikowski.de\/blog\/wp-json\/wp\/v2\/users\/2"}],"replies":[{"embeddable":true,"href":"https:\/\/www.kunikowski.de\/blog\/wp-json\/wp\/v2\/comments?post=1549"}],"version-history":[{"count":4,"href":"https:\/\/www.kunikowski.de\/blog\/wp-json\/wp\/v2\/posts\/1549\/revisions"}],"predecessor-version":[{"id":1571,"href":"https:\/\/www.kunikowski.de\/blog\/wp-json\/wp\/v2\/posts\/1549\/revisions\/1571"}],"wp:attachment":[{"href":"https:\/\/www.kunikowski.de\/blog\/wp-json\/wp\/v2\/media?parent=1549"}],"wp:term":[{"taxonomy":"category","embeddable":true,"href":"https:\/\/www.kunikowski.de\/blog\/wp-json\/wp\/v2\/categories?post=1549"},{"taxonomy":"post_tag","embeddable":true,"href":"https:\/\/www.kunikowski.de\/blog\/wp-json\/wp\/v2\/tags?post=1549"}],"curies":[{"name":"wp","href":"https:\/\/api.w.org\/{rel}","templated":true}]}}